{"id":2208,"date":"2024-11-30T08:48:23","date_gmt":"2024-11-30T11:48:23","guid":{"rendered":"https:\/\/colegioeucaristicolaplata.edu.ar\/?p=2208"},"modified":"2025-03-21T08:51:01","modified_gmt":"2025-03-21T11:51:01","slug":"mes-de-maria","status":"publish","type":"post","link":"https:\/\/colegioeucaristicolaplata.edu.ar\/index.php\/2024\/11\/30\/mes-de-maria\/","title":{"rendered":"Mes de Mar\u00eda"},"content":{"rendered":"\n<p>Durante el mes de Mar\u00eda, el Jard\u00edn trabaj\u00f3 distintas <a href=\"https:\/\/www.facebook.com\/hashtag\/advocaciones?__eep__=6&amp;__cft__[0]=AZXntAaCpBHEC-GO9owvQsIyDhUqzUmotzndZZ9jIiTWs9qPKyhACqpfA2-fBMV2-lXHWnI7c9wjWrZCbs6YR3-OHVUPhboZSTVs_unDBU5kWBN2xJ6Vq9o8fg-UxklohtlVaV_wEwe7_Yf_3L4WI9hhRWrJW4jA_EnN7ZkPXOAjFn_-lF-CIoaTHaWzPBa5Aa4&amp;__tn__=*NK-R\">#Advocaciones<\/a> y culmin\u00f3 con un hermoso encuentro en la Capilla<img decoding=\"async\" loading=\"lazy\" height=\"16\" width=\"16\" alt=\"\ud83d\uded0\" src=\"https:\/\/static.xx.fbcdn.net\/images\/emoji.php\/v9\/t1a\/1\/16\/1f6d0.png\"> regal\u00e1ndole flores<img decoding=\"async\" loading=\"lazy\" height=\"16\" width=\"16\" alt=\"\ud83d\udc90\" src=\"https:\/\/static.xx.fbcdn.net\/images\/emoji.php\/v9\/te3\/1\/16\/1f490.png\"> a la <a href=\"https:\/\/www.facebook.com\/hashtag\/virgen?__eep__=6&amp;__cft__[0]=AZXntAaCpBHEC-GO9owvQsIyDhUqzUmotzndZZ9jIiTWs9qPKyhACqpfA2-fBMV2-lXHWnI7c9wjWrZCbs6YR3-OHVUPhboZSTVs_unDBU5kWBN2xJ6Vq9o8fg-UxklohtlVaV_wEwe7_Yf_3L4WI9hhRWrJW4jA_EnN7ZkPXOAjFn_-lF-CIoaTHaWzPBa5Aa4&amp;__tn__=*NK-R\">#Virgen<\/a><\/p>\n\n\n\n<p><img decoding=\"async\" loading=\"lazy\" height=\"16\" width=\"16\" src=\"https:\/\/static.xx.fbcdn.net\/images\/emoji.php\/v9\/ted\/1\/16\/1f4ab.png\" alt=\"\ud83d\udcab\">Mar\u00eda, Estrella de nuestros caminos<\/p>\n\n\n\n<p>Nos ponemos en tus manos<img decoding=\"async\" loading=\"lazy\" height=\"16\" width=\"16\" src=\"https:\/\/static.xx.fbcdn.net\/images\/emoji.php\/v9\/t80\/1\/16\/1f64f.png\" alt=\"\ud83d\ude4f\"><\/p>\n\n\n\n<figure class=\"wp-block-gallery has-nested-images columns-default is-cropped wp-block-gallery-1 is-layout-flex\">\n<figure class=\"wp-block-image size-large\"><img decoding=\"async\" loading=\"lazy\" width=\"1024\" height=\"1024\" data-id=\"2210\"  src=\"https:\/\/colegioeucaristicolaplata.edu.ar\/wp-content\/uploads\/2025\/03\/469888470_1108032257996978_6907350562392209616_n-1024x1024.jpg\" alt=\"\" class=\"wp-image-2210\" srcset=\"https:\/\/colegioeucaristicolaplata.edu.ar\/wp-content\/uploads\/2025\/03\/469888470_1108032257996978_6907350562392209616_n-1024x1024.jpg 1024w, https:\/\/colegioeucaristicolaplata.edu.ar\/wp-content\/uploads\/2025\/03\/469888470_1108032257996978_6907350562392209616_n-300x300.jpg 300w, https:\/\/colegioeucaristicolaplata.edu.ar\/wp-content\/uploads\/2025\/03\/469888470_1108032257996978_6907350562392209616_n-150x150.jpg 150w, https:\/\/colegioeucaristicolaplata.edu.ar\/wp-content\/uploads\/2025\/03\/469888470_1108032257996978_6907350562392209616_n-768x768.jpg 768w, https:\/\/colegioeucaristicolaplata.edu.ar\/wp-content\/uploads\/2025\/03\/469888470_1108032257996978_6907350562392209616_n.jpg 1440w\" sizes=\"(max-width: 1024px) 100vw, 1024px\" \/><\/figure>\n\n\n\n<figure class=\"wp-block-image size-large\"><img decoding=\"async\" loading=\"lazy\" width=\"1024\" height=\"1024\" data-id=\"2209\"  src=\"https:\/\/colegioeucaristicolaplata.edu.ar\/wp-content\/uploads\/2025\/03\/469900677_1108032244663646_4509642853840902276_n-1024x1024.jpg\" alt=\"\" class=\"wp-image-2209\" srcset=\"https:\/\/colegioeucaristicolaplata.edu.ar\/wp-content\/uploads\/2025\/03\/469900677_1108032244663646_4509642853840902276_n-1024x1024.jpg 1024w, https:\/\/colegioeucaristicolaplata.edu.ar\/wp-content\/uploads\/2025\/03\/469900677_1108032244663646_4509642853840902276_n-300x300.jpg 300w, https:\/\/colegioeucaristicolaplata.edu.ar\/wp-content\/uploads\/2025\/03\/469900677_1108032244663646_4509642853840902276_n-150x150.jpg 150w, https:\/\/colegioeucaristicolaplata.edu.ar\/wp-content\/uploads\/2025\/03\/469900677_1108032244663646_4509642853840902276_n-768x768.jpg 768w, https:\/\/colegioeucaristicolaplata.edu.ar\/wp-content\/uploads\/2025\/03\/469900677_1108032244663646_4509642853840902276_n.jpg 1440w\" sizes=\"(max-width: 1024px) 100vw, 1024px\" \/><\/figure>\n\n\n\n<figure class=\"wp-block-image size-large\"><img decoding=\"async\" loading=\"lazy\" width=\"1024\" height=\"1024\" data-id=\"2211\"  src=\"https:\/\/colegioeucaristicolaplata.edu.ar\/wp-content\/uploads\/2025\/03\/469892010_1108032247996979_4956517465537485339_n-1024x1024.jpg\" alt=\"\" class=\"wp-image-2211\" srcset=\"https:\/\/colegioeucaristicolaplata.edu.ar\/wp-content\/uploads\/2025\/03\/469892010_1108032247996979_4956517465537485339_n-1024x1024.jpg 1024w, https:\/\/colegioeucaristicolaplata.edu.ar\/wp-content\/uploads\/2025\/03\/469892010_1108032247996979_4956517465537485339_n-300x300.jpg 300w, https:\/\/colegioeucaristicolaplata.edu.ar\/wp-content\/uploads\/2025\/03\/469892010_1108032247996979_4956517465537485339_n-150x150.jpg 150w, https:\/\/colegioeucaristicolaplata.edu.ar\/wp-content\/uploads\/2025\/03\/469892010_1108032247996979_4956517465537485339_n-768x768.jpg 768w, https:\/\/colegioeucaristicolaplata.edu.ar\/wp-content\/uploads\/2025\/03\/469892010_1108032247996979_4956517465537485339_n.jpg 1440w\" sizes=\"(max-width: 1024px) 100vw, 1024px\" \/><\/figure>\n<\/figure>\n","protected":false},"excerpt":{"rendered":"<p>Mes dedicado a la Virgen Mar\u00eda<\/p>\n","protected":false},"author":3,"featured_media":2211,"comment_status":"closed","ping_status":"closed","sticky":false,"template":"","format":"standard","meta":{"_eb_attr":"","neve_meta_sidebar":"","neve_meta_container":"","neve_meta_enable_content_width":"","neve_meta_content_width":0,"neve_meta_title_alignment":"","neve_meta_author_avatar":"","neve_post_elements_order":"","neve_meta_disable_header":"","neve_meta_disable_footer":"","neve_meta_disable_title":"","neve_meta_reading_time":"","_themeisle_gutenberg_block_has_review":false,"_ti_tpc_template_sync":false,"_ti_tpc_template_id":""},"categories":[1],"tags":[22,19,34,41],"_links":{"self":[{"href":"https:\/\/colegioeucaristicolaplata.edu.ar\/index.php\/wp-json\/wp\/v2\/posts\/2208"}],"collection":[{"href":"https:\/\/colegioeucaristicolaplata.edu.ar\/index.php\/wp-json\/wp\/v2\/posts"}],"about":[{"href":"https:\/\/colegioeucaristicolaplata.edu.ar\/index.php\/wp-json\/wp\/v2\/types\/post"}],"author":[{"embeddable":true,"href":"https:\/\/colegioeucaristicolaplata.edu.ar\/index.php\/wp-json\/wp\/v2\/users\/3"}],"replies":[{"embeddable":true,"href":"https:\/\/colegioeucaristicolaplata.edu.ar\/index.php\/wp-json\/wp\/v2\/comments?post=2208"}],"version-history":[{"count":2,"href":"https:\/\/colegioeucaristicolaplata.edu.ar\/index.php\/wp-json\/wp\/v2\/posts\/2208\/revisions"}],"predecessor-version":[{"id":2214,"href":"https:\/\/colegioeucaristicolaplata.edu.ar\/index.php\/wp-json\/wp\/v2\/posts\/2208\/revisions\/2214"}],"wp:featuredmedia":[{"embeddable":true,"href":"https:\/\/colegioeucaristicolaplata.edu.ar\/index.php\/wp-json\/wp\/v2\/media\/2211"}],"wp:attachment":[{"href":"https:\/\/colegioeucaristicolaplata.edu.ar\/index.php\/wp-json\/wp\/v2\/media?parent=2208"}],"wp:term":[{"taxonomy":"category","embeddable":true,"href":"https:\/\/colegioeucaristicolaplata.edu.ar\/index.php\/wp-json\/wp\/v2\/categories?post=2208"},{"taxonomy":"post_tag","embeddable":true,"href":"https:\/\/colegioeucaristicolaplata.edu.ar\/index.php\/wp-json\/wp\/v2\/tags?post=2208"}],"curies":[{"name":"wp","href":"https:\/\/api.w.org\/{rel}","templated":true}]}}