{"id":2103,"date":"2024-04-15T08:50:59","date_gmt":"2024-04-15T11:50:59","guid":{"rendered":"https:\/\/colegioeucaristicolaplata.edu.ar\/?p=2103"},"modified":"2024-07-29T08:51:40","modified_gmt":"2024-07-29T11:51:40","slug":"triduo-pascual","status":"publish","type":"post","link":"https:\/\/colegioeucaristicolaplata.edu.ar\/index.php\/2024\/04\/15\/triduo-pascual\/","title":{"rendered":"Triduo Pascual"},"content":{"rendered":"\n<p>Jueves Santo<\/p>\n\n\n\n<p>Los estudiantes de 6\u00b0 grado de Nivel Primario realizaron varias representaciones del Lavatorio de Pies, cuando Jes\u00fas se postra ante sus disc\u00edpulos y en un gesto de humildad y sencillez lava cada uno de sus pies.<\/p>\n\n\n\n<p>&#8220;Adoremos, intercedamos y lloremos por los dem\u00e1s. Permitamos al Se\u00f1or que realice maravillas. No temamos, \u00c9l nos sorprender\u00e1&#8221;. <a href=\"https:\/\/www.facebook.com\/hashtag\/papafrancisco?__eep__=6&amp;__cft__[0]=AZW7wK3rJHL1XPBGvN9K8OO9EZg1mKCa8vMQrNTZURbbCJqWE469hJxbVlRc1RH7v86sfAYo55Wt0NUniqs44eJPEJ4iOdUtG_dQTsbrxDMxadzEfEL66_VZbL_1lKKouJNDO4XvlDAg_fuSN6CLe8omQHoJeHDoqRuhA-ALc3OTMk2Ksx2dB4zTPhgF4n5pQmOOk50Wu6hevZ8jv6UGD-tNBEPJI_IoCtytjtfEhwiiGg&amp;__tn__=*NK-R\">#PapaFrancisco<\/a><\/p>\n\n\n\n<figure class=\"wp-block-gallery has-nested-images columns-default is-cropped wp-block-gallery-1 is-layout-flex\">\n<figure class=\"wp-block-image size-large\"><img decoding=\"async\" loading=\"lazy\" width=\"960\" height=\"960\" data-id=\"2105\"  src=\"https:\/\/colegioeucaristicolaplata.edu.ar\/wp-content\/uploads\/2024\/07\/434380869_904094275057445_5260591623929593824_n.jpg\" alt=\"\" class=\"wp-image-2105\" srcset=\"https:\/\/colegioeucaristicolaplata.edu.ar\/wp-content\/uploads\/2024\/07\/434380869_904094275057445_5260591623929593824_n.jpg 960w, https:\/\/colegioeucaristicolaplata.edu.ar\/wp-content\/uploads\/2024\/07\/434380869_904094275057445_5260591623929593824_n-300x300.jpg 300w, https:\/\/colegioeucaristicolaplata.edu.ar\/wp-content\/uploads\/2024\/07\/434380869_904094275057445_5260591623929593824_n-150x150.jpg 150w, https:\/\/colegioeucaristicolaplata.edu.ar\/wp-content\/uploads\/2024\/07\/434380869_904094275057445_5260591623929593824_n-768x768.jpg 768w\" sizes=\"(max-width: 960px) 100vw, 960px\" \/><\/figure>\n\n\n\n<figure class=\"wp-block-image size-large\"><img decoding=\"async\" loading=\"lazy\" width=\"1024\" height=\"1024\" data-id=\"2107\"  src=\"https:\/\/colegioeucaristicolaplata.edu.ar\/wp-content\/uploads\/2024\/07\/434370925_904094251724114_8697274080001803695_n-1024x1024.jpg\" alt=\"\" class=\"wp-image-2107\" srcset=\"https:\/\/colegioeucaristicolaplata.edu.ar\/wp-content\/uploads\/2024\/07\/434370925_904094251724114_8697274080001803695_n-1024x1024.jpg 1024w, https:\/\/colegioeucaristicolaplata.edu.ar\/wp-content\/uploads\/2024\/07\/434370925_904094251724114_8697274080001803695_n-300x300.jpg 300w, https:\/\/colegioeucaristicolaplata.edu.ar\/wp-content\/uploads\/2024\/07\/434370925_904094251724114_8697274080001803695_n-150x150.jpg 150w, https:\/\/colegioeucaristicolaplata.edu.ar\/wp-content\/uploads\/2024\/07\/434370925_904094251724114_8697274080001803695_n-768x768.jpg 768w, https:\/\/colegioeucaristicolaplata.edu.ar\/wp-content\/uploads\/2024\/07\/434370925_904094251724114_8697274080001803695_n.jpg 1080w\" sizes=\"(max-width: 1024px) 100vw, 1024px\" \/><\/figure>\n\n\n\n<figure class=\"wp-block-image size-large\"><img decoding=\"async\" loading=\"lazy\" width=\"1024\" height=\"1024\" data-id=\"2106\"  src=\"https:\/\/colegioeucaristicolaplata.edu.ar\/wp-content\/uploads\/2024\/07\/434610446_904094261724113_3991490858784111514_n-1024x1024.jpg\" alt=\"\" class=\"wp-image-2106\" srcset=\"https:\/\/colegioeucaristicolaplata.edu.ar\/wp-content\/uploads\/2024\/07\/434610446_904094261724113_3991490858784111514_n-1024x1024.jpg 1024w, https:\/\/colegioeucaristicolaplata.edu.ar\/wp-content\/uploads\/2024\/07\/434610446_904094261724113_3991490858784111514_n-300x300.jpg 300w, https:\/\/colegioeucaristicolaplata.edu.ar\/wp-content\/uploads\/2024\/07\/434610446_904094261724113_3991490858784111514_n-150x150.jpg 150w, https:\/\/colegioeucaristicolaplata.edu.ar\/wp-content\/uploads\/2024\/07\/434610446_904094261724113_3991490858784111514_n-768x768.jpg 768w, https:\/\/colegioeucaristicolaplata.edu.ar\/wp-content\/uploads\/2024\/07\/434610446_904094261724113_3991490858784111514_n.jpg 1080w\" sizes=\"(max-width: 1024px) 100vw, 1024px\" \/><\/figure>\n\n\n\n<figure class=\"wp-block-image size-large\"><img decoding=\"async\" loading=\"lazy\" width=\"960\" height=\"960\" data-id=\"2108\"  src=\"https:\/\/colegioeucaristicolaplata.edu.ar\/wp-content\/uploads\/2024\/07\/434390079_904094268390779_2110606831174115163_n.jpg\" alt=\"\" class=\"wp-image-2108\" srcset=\"https:\/\/colegioeucaristicolaplata.edu.ar\/wp-content\/uploads\/2024\/07\/434390079_904094268390779_2110606831174115163_n.jpg 960w, https:\/\/colegioeucaristicolaplata.edu.ar\/wp-content\/uploads\/2024\/07\/434390079_904094268390779_2110606831174115163_n-300x300.jpg 300w, https:\/\/colegioeucaristicolaplata.edu.ar\/wp-content\/uploads\/2024\/07\/434390079_904094268390779_2110606831174115163_n-150x150.jpg 150w, https:\/\/colegioeucaristicolaplata.edu.ar\/wp-content\/uploads\/2024\/07\/434390079_904094268390779_2110606831174115163_n-768x768.jpg 768w\" sizes=\"(max-width: 960px) 100vw, 960px\" \/><\/figure>\n\n\n\n<figure class=\"wp-block-image size-large\"><img decoding=\"async\" loading=\"lazy\" width=\"600\" height=\"600\" data-id=\"2104\"  src=\"https:\/\/colegioeucaristicolaplata.edu.ar\/wp-content\/uploads\/2024\/07\/434388533_904094258390780_6101762422184175237_n.jpg\" alt=\"\" class=\"wp-image-2104\" srcset=\"https:\/\/colegioeucaristicolaplata.edu.ar\/wp-content\/uploads\/2024\/07\/434388533_904094258390780_6101762422184175237_n.jpg 600w, https:\/\/colegioeucaristicolaplata.edu.ar\/wp-content\/uploads\/2024\/07\/434388533_904094258390780_6101762422184175237_n-300x300.jpg 300w, https:\/\/colegioeucaristicolaplata.edu.ar\/wp-content\/uploads\/2024\/07\/434388533_904094258390780_6101762422184175237_n-150x150.jpg 150w\" sizes=\"(max-width: 600px) 100vw, 600px\" \/><\/figure>\n<\/figure>\n\n\n\n<p>Viernes Santo<\/p>\n\n\n\n<p>Las Salas de 5 del <a href=\"https:\/\/www.facebook.com\/hashtag\/jardineuca?__eep__=6&amp;__cft__[0]=AZUavDm9-NNbn3P_QCs_sawRqeB1hvCPT2m_7qPyMu0wUGJ6OBj-5o4whyONmiiXTrcC5sOAPQZ013X8dBwWwPasopIfkmVo8XVXzNV0xpi_Tl8IUdL_3CcI6_kUGwdv5j9Cs8kHmC6YoKwlVy68cPnNtkpXcWj-dgZVZe4KMhLr-VZ55S57__l9010pXPskQeaLFqs5_NCJE860aNIMiksVvxF8P13eNz6oDhNp5GfLwQ&amp;__tn__=*NK-R\">#JardinEuca<\/a> representaron los distintos pasajes de la Semana Santa, desde el <a href=\"https:\/\/www.facebook.com\/hashtag\/domingoderamos?__eep__=6&amp;__cft__[0]=AZUavDm9-NNbn3P_QCs_sawRqeB1hvCPT2m_7qPyMu0wUGJ6OBj-5o4whyONmiiXTrcC5sOAPQZ013X8dBwWwPasopIfkmVo8XVXzNV0xpi_Tl8IUdL_3CcI6_kUGwdv5j9Cs8kHmC6YoKwlVy68cPnNtkpXcWj-dgZVZe4KMhLr-VZ55S57__l9010pXPskQeaLFqs5_NCJE860aNIMiksVvxF8P13eNz6oDhNp5GfLwQ&amp;__tn__=*NK-R\">#DomingodeRamos<\/a><img decoding=\"async\" loading=\"lazy\" height=\"16\" width=\"16\" alt=\"\ud83c\udf3f\" src=\"https:\/\/static.xx.fbcdn.net\/images\/emoji.php\/v9\/t1e\/1\/16\/1f33f.png\">, la <a href=\"https:\/\/www.facebook.com\/hashtag\/ultimacena?__eep__=6&amp;__cft__[0]=AZUavDm9-NNbn3P_QCs_sawRqeB1hvCPT2m_7qPyMu0wUGJ6OBj-5o4whyONmiiXTrcC5sOAPQZ013X8dBwWwPasopIfkmVo8XVXzNV0xpi_Tl8IUdL_3CcI6_kUGwdv5j9Cs8kHmC6YoKwlVy68cPnNtkpXcWj-dgZVZe4KMhLr-VZ55S57__l9010pXPskQeaLFqs5_NCJE860aNIMiksVvxF8P13eNz6oDhNp5GfLwQ&amp;__tn__=*NK-R\">#UltimaCena<\/a> entre otros.<\/p>\n\n\n\n<p>Hoy es Viernes Santo y toda la Iglesia se une en duelo y esp\u00edritu penitencial para conmemorar la Pasi\u00f3n y Muerte del Se\u00f1or. \u00a1Acompa\u00f1emos a Jes\u00fas en su Camino a la Cruz!<img decoding=\"async\" loading=\"lazy\" height=\"16\" width=\"16\" alt=\"\ud83d\ude4f\" src=\"https:\/\/static.xx.fbcdn.net\/images\/emoji.php\/v9\/t80\/1\/16\/1f64f.png\"><\/p>\n\n\n\n<figure class=\"wp-block-gallery has-nested-images columns-default is-cropped wp-block-gallery-3 is-layout-flex\">\n<figure class=\"wp-block-image size-large\"><img decoding=\"async\" loading=\"lazy\" width=\"900\" height=\"900\" data-id=\"2110\"  src=\"https:\/\/colegioeucaristicolaplata.edu.ar\/wp-content\/uploads\/2024\/07\/434110918_904365845030288_1028416134921081358_n.jpg\" alt=\"\" class=\"wp-image-2110\" srcset=\"https:\/\/colegioeucaristicolaplata.edu.ar\/wp-content\/uploads\/2024\/07\/434110918_904365845030288_1028416134921081358_n.jpg 900w, https:\/\/colegioeucaristicolaplata.edu.ar\/wp-content\/uploads\/2024\/07\/434110918_904365845030288_1028416134921081358_n-300x300.jpg 300w, https:\/\/colegioeucaristicolaplata.edu.ar\/wp-content\/uploads\/2024\/07\/434110918_904365845030288_1028416134921081358_n-150x150.jpg 150w, https:\/\/colegioeucaristicolaplata.edu.ar\/wp-content\/uploads\/2024\/07\/434110918_904365845030288_1028416134921081358_n-768x768.jpg 768w\" sizes=\"(max-width: 900px) 100vw, 900px\" \/><\/figure>\n\n\n\n<figure class=\"wp-block-image size-large\"><img decoding=\"async\" loading=\"lazy\" width=\"1024\" height=\"1024\" data-id=\"2111\"  src=\"https:\/\/colegioeucaristicolaplata.edu.ar\/wp-content\/uploads\/2024\/07\/433130748_904365871696952_9018116250350120486_n-1024x1024.jpg\" alt=\"\" class=\"wp-image-2111\" srcset=\"https:\/\/colegioeucaristicolaplata.edu.ar\/wp-content\/uploads\/2024\/07\/433130748_904365871696952_9018116250350120486_n-1024x1024.jpg 1024w, https:\/\/colegioeucaristicolaplata.edu.ar\/wp-content\/uploads\/2024\/07\/433130748_904365871696952_9018116250350120486_n-300x300.jpg 300w, https:\/\/colegioeucaristicolaplata.edu.ar\/wp-content\/uploads\/2024\/07\/433130748_904365871696952_9018116250350120486_n-150x150.jpg 150w, https:\/\/colegioeucaristicolaplata.edu.ar\/wp-content\/uploads\/2024\/07\/433130748_904365871696952_9018116250350120486_n-768x768.jpg 768w, https:\/\/colegioeucaristicolaplata.edu.ar\/wp-content\/uploads\/2024\/07\/433130748_904365871696952_9018116250350120486_n.jpg 1080w\" sizes=\"(max-width: 1024px) 100vw, 1024px\" \/><\/figure>\n\n\n\n<figure class=\"wp-block-image size-large\"><img decoding=\"async\" loading=\"lazy\" width=\"900\" height=\"900\" data-id=\"2109\"  src=\"https:\/\/colegioeucaristicolaplata.edu.ar\/wp-content\/uploads\/2024\/07\/433136854_904365851696954_6139305909700283284_n.jpg\" alt=\"\" class=\"wp-image-2109\" srcset=\"https:\/\/colegioeucaristicolaplata.edu.ar\/wp-content\/uploads\/2024\/07\/433136854_904365851696954_6139305909700283284_n.jpg 900w, https:\/\/colegioeucaristicolaplata.edu.ar\/wp-content\/uploads\/2024\/07\/433136854_904365851696954_6139305909700283284_n-300x300.jpg 300w, https:\/\/colegioeucaristicolaplata.edu.ar\/wp-content\/uploads\/2024\/07\/433136854_904365851696954_6139305909700283284_n-150x150.jpg 150w, https:\/\/colegioeucaristicolaplata.edu.ar\/wp-content\/uploads\/2024\/07\/433136854_904365851696954_6139305909700283284_n-768x768.jpg 768w\" sizes=\"(max-width: 900px) 100vw, 900px\" \/><\/figure>\n\n\n\n<figure class=\"wp-block-image size-large\"><img decoding=\"async\" loading=\"lazy\" width=\"900\" height=\"900\" data-id=\"2112\"  src=\"https:\/\/colegioeucaristicolaplata.edu.ar\/wp-content\/uploads\/2024\/07\/433138754_904365861696953_7549601903993439834_n.jpg\" alt=\"\" class=\"wp-image-2112\" srcset=\"https:\/\/colegioeucaristicolaplata.edu.ar\/wp-content\/uploads\/2024\/07\/433138754_904365861696953_7549601903993439834_n.jpg 900w, https:\/\/colegioeucaristicolaplata.edu.ar\/wp-content\/uploads\/2024\/07\/433138754_904365861696953_7549601903993439834_n-300x300.jpg 300w, https:\/\/colegioeucaristicolaplata.edu.ar\/wp-content\/uploads\/2024\/07\/433138754_904365861696953_7549601903993439834_n-150x150.jpg 150w, https:\/\/colegioeucaristicolaplata.edu.ar\/wp-content\/uploads\/2024\/07\/433138754_904365861696953_7549601903993439834_n-768x768.jpg 768w\" sizes=\"(max-width: 900px) 100vw, 900px\" \/><\/figure>\n<\/figure>\n\n\n\n<p>S\u00e1bado Santo<\/p>\n\n\n\n<p>Es d\u00eda de silencio, de espera, de transitar los duelos, de decirle al Se\u00f1or, ante el dolor y tu partida: Aqu\u00ed estoy y aqu\u00ed estamos\u2026<\/p>\n\n\n\n<p>\u201cCon Mar\u00eda&#8230; \u00a1H\u00e1gase!<\/p>\n\n\n\n<p>Junto a la cruz de Jes\u00fas est\u00e1 Mar\u00eda con otras mujeres. Su amor ha desafiado el miedo a la muerte de un crucificado. Ellas est\u00e1n all\u00ed, de pie, solas en la noche del misterio, velando su hora. Sus ojos est\u00e1n fijos en Jes\u00fas, icono de amor maltratado. Su oraci\u00f3n se hace silencio y pregunta:<\/p>\n\n\n\n<p>\u00bfPor <a><\/a>qu\u00e9? Han recorrido el camino, siguieron sus pasos, son disc\u00edpulas. Ahora est\u00e1n con \u00c9l, en la hora de la Pascua, en la noche del mayor silencio, en la noche del amor callado.\u201d<\/p>\n\n\n\n<p>Subsidio CLAR Semana Santa 2024<\/p>\n\n\n\n<p><a href=\"https:\/\/www.instagram.com\/_u\/somosjovenes.fi?fbclid=IwZXh0bgNhZW0CMTAAAR3kU1lngJIqMayBLwutIpJvRCATnYDNkuZS9DU1MATncUVbml_EXZmHQUM_aem_OvlovaqiT-bD6Y405SONLw\" rel=\"noreferrer noopener\" target=\"_blank\">@somosjovenes.fi<\/a><\/p>\n\n\n\n<figure class=\"wp-block-image size-large\"><img decoding=\"async\" loading=\"lazy\" width=\"1024\" height=\"1024\" src=\"https:\/\/colegioeucaristicolaplata.edu.ar\/wp-content\/uploads\/2024\/07\/unnamed-file-1024x1024.jpg\" alt=\"\" class=\"wp-image-2113\" srcset=\"https:\/\/colegioeucaristicolaplata.edu.ar\/wp-content\/uploads\/2024\/07\/unnamed-file-1024x1024.jpg 1024w, https:\/\/colegioeucaristicolaplata.edu.ar\/wp-content\/uploads\/2024\/07\/unnamed-file-300x300.jpg 300w, https:\/\/colegioeucaristicolaplata.edu.ar\/wp-content\/uploads\/2024\/07\/unnamed-file-150x150.jpg 150w, https:\/\/colegioeucaristicolaplata.edu.ar\/wp-content\/uploads\/2024\/07\/unnamed-file-768x768.jpg 768w, https:\/\/colegioeucaristicolaplata.edu.ar\/wp-content\/uploads\/2024\/07\/unnamed-file.jpg 1080w\" sizes=\"(max-width: 1024px) 100vw, 1024px\" \/><\/figure>\n\n\n\n<p>\u00a1Jes\u00fas Vive!<\/p>\n\n\n\n<p>\u00a1Feliz Pascua de Resurrecci\u00f3n!<\/p>\n\n\n\n<figure class=\"wp-block-gallery has-nested-images columns-default is-cropped wp-block-gallery-5 is-layout-flex\">\n<figure class=\"wp-block-image size-large\"><img decoding=\"async\" loading=\"lazy\" width=\"619\" height=\"619\" data-id=\"2114\"  src=\"https:\/\/colegioeucaristicolaplata.edu.ar\/wp-content\/uploads\/2024\/07\/434484840_905876624879210_7337339573425201413_n.jpg\" alt=\"\" class=\"wp-image-2114\" srcset=\"https:\/\/colegioeucaristicolaplata.edu.ar\/wp-content\/uploads\/2024\/07\/434484840_905876624879210_7337339573425201413_n.jpg 619w, https:\/\/colegioeucaristicolaplata.edu.ar\/wp-content\/uploads\/2024\/07\/434484840_905876624879210_7337339573425201413_n-300x300.jpg 300w, https:\/\/colegioeucaristicolaplata.edu.ar\/wp-content\/uploads\/2024\/07\/434484840_905876624879210_7337339573425201413_n-150x150.jpg 150w\" sizes=\"(max-width: 619px) 100vw, 619px\" \/><\/figure>\n\n\n\n<figure class=\"wp-block-image size-large\"><img decoding=\"async\" loading=\"lazy\" width=\"1024\" height=\"1024\" data-id=\"2115\"  src=\"https:\/\/colegioeucaristicolaplata.edu.ar\/wp-content\/uploads\/2024\/07\/unnamed-file-1-1024x1024.jpg\" alt=\"\" class=\"wp-image-2115\" srcset=\"https:\/\/colegioeucaristicolaplata.edu.ar\/wp-content\/uploads\/2024\/07\/unnamed-file-1-1024x1024.jpg 1024w, https:\/\/colegioeucaristicolaplata.edu.ar\/wp-content\/uploads\/2024\/07\/unnamed-file-1-300x300.jpg 300w, https:\/\/colegioeucaristicolaplata.edu.ar\/wp-content\/uploads\/2024\/07\/unnamed-file-1-150x150.jpg 150w, https:\/\/colegioeucaristicolaplata.edu.ar\/wp-content\/uploads\/2024\/07\/unnamed-file-1-768x768.jpg 768w, https:\/\/colegioeucaristicolaplata.edu.ar\/wp-content\/uploads\/2024\/07\/unnamed-file-1.jpg 1080w\" sizes=\"(max-width: 1024px) 100vw, 1024px\" \/><\/figure>\n<\/figure>\n","protected":false},"excerpt":{"rendered":"<p>Semana Santa en el Colegio, compartimos el Triduo Pascual.<\/p>\n","protected":false},"author":3,"featured_media":2104,"comment_status":"closed","ping_status":"closed","sticky":false,"template":"","format":"standard","meta":{"_eb_attr":"","neve_meta_sidebar":"","neve_meta_container":"","neve_meta_enable_content_width":"","neve_meta_content_width":0,"neve_meta_title_alignment":"","neve_meta_author_avatar":"","neve_post_elements_order":"","neve_meta_disable_header":"","neve_meta_disable_footer":"","neve_meta_disable_title":"","neve_meta_reading_time":"","_themeisle_gutenberg_block_has_review":false,"_ti_tpc_template_sync":false,"_ti_tpc_template_id":""},"categories":[1],"tags":[39,19,34,33,41,25],"_links":{"self":[{"href":"https:\/\/colegioeucaristicolaplata.edu.ar\/index.php\/wp-json\/wp\/v2\/posts\/2103"}],"collection":[{"href":"https:\/\/colegioeucaristicolaplata.edu.ar\/index.php\/wp-json\/wp\/v2\/posts"}],"about":[{"href":"https:\/\/colegioeucaristicolaplata.edu.ar\/index.php\/wp-json\/wp\/v2\/types\/post"}],"author":[{"embeddable":true,"href":"https:\/\/colegioeucaristicolaplata.edu.ar\/index.php\/wp-json\/wp\/v2\/users\/3"}],"replies":[{"embeddable":true,"href":"https:\/\/colegioeucaristicolaplata.edu.ar\/index.php\/wp-json\/wp\/v2\/comments?post=2103"}],"version-history":[{"count":1,"href":"https:\/\/colegioeucaristicolaplata.edu.ar\/index.php\/wp-json\/wp\/v2\/posts\/2103\/revisions"}],"predecessor-version":[{"id":2116,"href":"https:\/\/colegioeucaristicolaplata.edu.ar\/index.php\/wp-json\/wp\/v2\/posts\/2103\/revisions\/2116"}],"wp:featuredmedia":[{"embeddable":true,"href":"https:\/\/colegioeucaristicolaplata.edu.ar\/index.php\/wp-json\/wp\/v2\/media\/2104"}],"wp:attachment":[{"href":"https:\/\/colegioeucaristicolaplata.edu.ar\/index.php\/wp-json\/wp\/v2\/media?parent=2103"}],"wp:term":[{"taxonomy":"category","embeddable":true,"href":"https:\/\/colegioeucaristicolaplata.edu.ar\/index.php\/wp-json\/wp\/v2\/categories?post=2103"},{"taxonomy":"post_tag","embeddable":true,"href":"https:\/\/colegioeucaristicolaplata.edu.ar\/index.php\/wp-json\/wp\/v2\/tags?post=2103"}],"curies":[{"name":"wp","href":"https:\/\/api.w.org\/{rel}","templated":true}]}}