{"id":2093,"date":"2024-03-29T08:45:36","date_gmt":"2024-03-29T11:45:36","guid":{"rendered":"https:\/\/colegioeucaristicolaplata.edu.ar\/?p=2093"},"modified":"2024-07-29T08:46:58","modified_gmt":"2024-07-29T11:46:58","slug":"ciclo-lectivo-2024","status":"publish","type":"post","link":"https:\/\/colegioeucaristicolaplata.edu.ar\/index.php\/2024\/03\/29\/ciclo-lectivo-2024\/","title":{"rendered":"Ciclo Lectivo 2024"},"content":{"rendered":"\n<p>\u00a1Bienvenidos al Ciclo Lectivo 2024!<\/p>\n\n\n\n<p><img decoding=\"async\" loading=\"lazy\" height=\"16\" width=\"16\" alt=\"\ud83d\ude42\" src=\"https:\/\/static.xx.fbcdn.net\/images\/emoji.php\/v9\/t4c\/1\/16\/1f642.png\">Les presentamos el lema y logo de este a\u00f1o, que lo dedicaremos a la <a href=\"https:\/\/www.facebook.com\/hashtag\/oraci%C3%B3n?__eep__=6&amp;__cft__[0]=AZUo2nCxOAocY5k_P2wnMdF_wZaLA4pwT-Th4jYPj5nTESJV-hytG8toK7gXoR2AWEsn49Eaw733_h5EHZJntzZHuV6G54DbG8XaeL9kwuEQz8LlDMiamR_pZuQzuib0DPAeAVx5zuPPbwWVLmoLKzYxi8zYxM0X8jwXc88OvRuXYJmJkYw6OZQZUziQ-0u9HtvRtuJ1tsV7srJ4l1uQzl5_UmiUD3gYFi5VGZwM1ENYHw&amp;__tn__=*NK-R\">#Oraci\u00f3n<\/a> en preparaci\u00f3n al <a href=\"https:\/\/www.facebook.com\/hashtag\/jubileo2025?__eep__=6&amp;__cft__[0]=AZUo2nCxOAocY5k_P2wnMdF_wZaLA4pwT-Th4jYPj5nTESJV-hytG8toK7gXoR2AWEsn49Eaw733_h5EHZJntzZHuV6G54DbG8XaeL9kwuEQz8LlDMiamR_pZuQzuib0DPAeAVx5zuPPbwWVLmoLKzYxi8zYxM0X8jwXc88OvRuXYJmJkYw6OZQZUziQ-0u9HtvRtuJ1tsV7srJ4l1uQzl5_UmiUD3gYFi5VGZwM1ENYHw&amp;__tn__=*NK-R\">#Jubileo2025<\/a><\/p>\n\n\n\n<p><img decoding=\"async\" loading=\"lazy\" height=\"16\" width=\"16\" alt=\"\ud83c\udf8a\" src=\"https:\/\/static.xx.fbcdn.net\/images\/emoji.php\/v9\/tb4\/1\/16\/1f38a.png\">\u00a1Estamos muy contentos de reencontrarnos!<\/p>\n\n\n\n<figure class=\"wp-block-gallery has-nested-images columns-default is-cropped wp-block-gallery-1 is-layout-flex\">\n<figure class=\"wp-block-image size-large\"><img decoding=\"async\" loading=\"lazy\" width=\"615\" height=\"550\" data-id=\"2095\"  src=\"https:\/\/colegioeucaristicolaplata.edu.ar\/wp-content\/uploads\/2024\/07\/429681813_885234190276787_7532115719489778606_n.jpg\" alt=\"\" class=\"wp-image-2095\" srcset=\"https:\/\/colegioeucaristicolaplata.edu.ar\/wp-content\/uploads\/2024\/07\/429681813_885234190276787_7532115719489778606_n.jpg 615w, https:\/\/colegioeucaristicolaplata.edu.ar\/wp-content\/uploads\/2024\/07\/429681813_885234190276787_7532115719489778606_n-300x268.jpg 300w\" sizes=\"(max-width: 615px) 100vw, 615px\" \/><\/figure>\n\n\n\n<figure class=\"wp-block-image size-large\"><img decoding=\"async\" loading=\"lazy\" width=\"430\" height=\"385\" data-id=\"2094\"  src=\"https:\/\/colegioeucaristicolaplata.edu.ar\/wp-content\/uploads\/2024\/07\/429686150_885234186943454_3076995515661761135_n.jpg\" alt=\"\" class=\"wp-image-2094\" srcset=\"https:\/\/colegioeucaristicolaplata.edu.ar\/wp-content\/uploads\/2024\/07\/429686150_885234186943454_3076995515661761135_n.jpg 430w, https:\/\/colegioeucaristicolaplata.edu.ar\/wp-content\/uploads\/2024\/07\/429686150_885234186943454_3076995515661761135_n-300x269.jpg 300w\" sizes=\"(max-width: 430px) 100vw, 430px\" \/><\/figure>\n<\/figure>\n\n\n\n<p>Durante el mes de marzo celebramos las Misas de Inicio de Ciclo Lectivo. Encomendamos al Se\u00f1or nuestro A\u00f1o Escolar y pedimos por todos los miembros de la Comunidad Educativa, sobre todo por aquellos que m\u00e1s necesitan el auxilio del Se\u00f1or.<img decoding=\"async\" loading=\"lazy\" height=\"16\" width=\"16\" src=\"https:\/\/static.xx.fbcdn.net\/images\/emoji.php\/v9\/t6c\/1\/16\/2764.png\" alt=\"\u2764\ufe0f\"><\/p>\n\n\n\n<figure class=\"wp-block-gallery has-nested-images columns-default is-cropped wp-block-gallery-3 is-layout-flex\">\n<figure class=\"wp-block-image size-full\"><img decoding=\"async\" loading=\"lazy\" width=\"774\" height=\"774\" data-id=\"2096\"  src=\"https:\/\/colegioeucaristicolaplata.edu.ar\/wp-content\/uploads\/2024\/07\/433130495_897767905690082_6866569243665171540_n.jpg\" alt=\"\" class=\"wp-image-2096\" srcset=\"https:\/\/colegioeucaristicolaplata.edu.ar\/wp-content\/uploads\/2024\/07\/433130495_897767905690082_6866569243665171540_n.jpg 774w, https:\/\/colegioeucaristicolaplata.edu.ar\/wp-content\/uploads\/2024\/07\/433130495_897767905690082_6866569243665171540_n-300x300.jpg 300w, https:\/\/colegioeucaristicolaplata.edu.ar\/wp-content\/uploads\/2024\/07\/433130495_897767905690082_6866569243665171540_n-150x150.jpg 150w, https:\/\/colegioeucaristicolaplata.edu.ar\/wp-content\/uploads\/2024\/07\/433130495_897767905690082_6866569243665171540_n-768x768.jpg 768w\" sizes=\"(max-width: 774px) 100vw, 774px\" \/><\/figure>\n<\/figure>\n\n\n\n<p>La Comunidad entera present\u00f3 su Acci\u00f3n de Gracias por la vida y entrega de quien fuera Directora del Nivel Primario, Ernestina Cianflone y la Profesora Mar\u00eda Alicia Gatt\u00f3 del Nivel Secundario, que se jubilaron luego de muchos a\u00f1os de compartir su vocaci\u00f3n en nuestra Instituci\u00f3n. Las encomendamos a Santa C\u00e1ndida para que, en esta nueva etapa de sus vidas, puedan disfrutar y vivir nuevos proyectos.<\/p>\n\n\n\n<figure class=\"wp-block-gallery has-nested-images columns-default is-cropped wp-block-gallery-5 is-layout-flex\">\n<figure class=\"wp-block-image size-large\"><img decoding=\"async\" loading=\"lazy\" width=\"1024\" height=\"1024\" data-id=\"2098\"  src=\"https:\/\/colegioeucaristicolaplata.edu.ar\/wp-content\/uploads\/2024\/07\/433660032_899904745476398_8071390346193601978_n-1024x1024.jpg\" alt=\"\" class=\"wp-image-2098\" srcset=\"https:\/\/colegioeucaristicolaplata.edu.ar\/wp-content\/uploads\/2024\/07\/433660032_899904745476398_8071390346193601978_n-1024x1024.jpg 1024w, https:\/\/colegioeucaristicolaplata.edu.ar\/wp-content\/uploads\/2024\/07\/433660032_899904745476398_8071390346193601978_n-300x300.jpg 300w, https:\/\/colegioeucaristicolaplata.edu.ar\/wp-content\/uploads\/2024\/07\/433660032_899904745476398_8071390346193601978_n-150x150.jpg 150w, https:\/\/colegioeucaristicolaplata.edu.ar\/wp-content\/uploads\/2024\/07\/433660032_899904745476398_8071390346193601978_n-768x768.jpg 768w, https:\/\/colegioeucaristicolaplata.edu.ar\/wp-content\/uploads\/2024\/07\/433660032_899904745476398_8071390346193601978_n.jpg 1080w\" sizes=\"(max-width: 1024px) 100vw, 1024px\" \/><\/figure>\n\n\n\n<figure class=\"wp-block-image size-large\"><img decoding=\"async\" loading=\"lazy\" width=\"1024\" height=\"1024\" data-id=\"2097\"  src=\"https:\/\/colegioeucaristicolaplata.edu.ar\/wp-content\/uploads\/2024\/07\/434130138_899904758809730_1304340325898175830_n-1024x1024.jpg\" alt=\"\" class=\"wp-image-2097\" srcset=\"https:\/\/colegioeucaristicolaplata.edu.ar\/wp-content\/uploads\/2024\/07\/434130138_899904758809730_1304340325898175830_n-1024x1024.jpg 1024w, https:\/\/colegioeucaristicolaplata.edu.ar\/wp-content\/uploads\/2024\/07\/434130138_899904758809730_1304340325898175830_n-300x300.jpg 300w, https:\/\/colegioeucaristicolaplata.edu.ar\/wp-content\/uploads\/2024\/07\/434130138_899904758809730_1304340325898175830_n-150x150.jpg 150w, https:\/\/colegioeucaristicolaplata.edu.ar\/wp-content\/uploads\/2024\/07\/434130138_899904758809730_1304340325898175830_n-768x768.jpg 768w, https:\/\/colegioeucaristicolaplata.edu.ar\/wp-content\/uploads\/2024\/07\/434130138_899904758809730_1304340325898175830_n.jpg 1080w\" sizes=\"(max-width: 1024px) 100vw, 1024px\" \/><\/figure>\n<\/figure>\n\n\n\n<figure class=\"wp-block-gallery has-nested-images columns-default is-cropped wp-block-gallery-7 is-layout-flex\">\n<figure class=\"wp-block-image size-large\"><img decoding=\"async\" loading=\"lazy\" width=\"960\" height=\"960\" data-id=\"2099\"  src=\"https:\/\/colegioeucaristicolaplata.edu.ar\/wp-content\/uploads\/2024\/07\/434051369_900341492099390_5002954810355313594_n.jpg\" alt=\"\" class=\"wp-image-2099\" srcset=\"https:\/\/colegioeucaristicolaplata.edu.ar\/wp-content\/uploads\/2024\/07\/434051369_900341492099390_5002954810355313594_n.jpg 960w, https:\/\/colegioeucaristicolaplata.edu.ar\/wp-content\/uploads\/2024\/07\/434051369_900341492099390_5002954810355313594_n-300x300.jpg 300w, https:\/\/colegioeucaristicolaplata.edu.ar\/wp-content\/uploads\/2024\/07\/434051369_900341492099390_5002954810355313594_n-150x150.jpg 150w, https:\/\/colegioeucaristicolaplata.edu.ar\/wp-content\/uploads\/2024\/07\/434051369_900341492099390_5002954810355313594_n-768x768.jpg 768w\" sizes=\"(max-width: 960px) 100vw, 960px\" \/><\/figure>\n\n\n\n<figure class=\"wp-block-image size-large\"><img decoding=\"async\" loading=\"lazy\" width=\"1024\" height=\"1024\" data-id=\"2100\"  src=\"https:\/\/colegioeucaristicolaplata.edu.ar\/wp-content\/uploads\/2024\/07\/434116971_900341475432725_2335529810710944642_n-1024x1024.jpg\" alt=\"\" class=\"wp-image-2100\" srcset=\"https:\/\/colegioeucaristicolaplata.edu.ar\/wp-content\/uploads\/2024\/07\/434116971_900341475432725_2335529810710944642_n-1024x1024.jpg 1024w, https:\/\/colegioeucaristicolaplata.edu.ar\/wp-content\/uploads\/2024\/07\/434116971_900341475432725_2335529810710944642_n-300x300.jpg 300w, https:\/\/colegioeucaristicolaplata.edu.ar\/wp-content\/uploads\/2024\/07\/434116971_900341475432725_2335529810710944642_n-150x150.jpg 150w, https:\/\/colegioeucaristicolaplata.edu.ar\/wp-content\/uploads\/2024\/07\/434116971_900341475432725_2335529810710944642_n-768x768.jpg 768w, https:\/\/colegioeucaristicolaplata.edu.ar\/wp-content\/uploads\/2024\/07\/434116971_900341475432725_2335529810710944642_n.jpg 1080w\" sizes=\"(max-width: 1024px) 100vw, 1024px\" \/><\/figure>\n<\/figure>\n","protected":false},"excerpt":{"rendered":"<p>Novedades del Ciclo Lectivo 2024<\/p>\n","protected":false},"author":3,"featured_media":2094,"comment_status":"closed","ping_status":"closed","sticky":false,"template":"","format":"standard","meta":{"_eb_attr":"","neve_meta_sidebar":"","neve_meta_container":"","neve_meta_enable_content_width":"","neve_meta_content_width":0,"neve_meta_title_alignment":"","neve_meta_author_avatar":"","neve_post_elements_order":"","neve_meta_disable_header":"","neve_meta_disable_footer":"","neve_meta_disable_title":"","neve_meta_reading_time":"","_themeisle_gutenberg_block_has_review":false,"_ti_tpc_template_sync":false,"_ti_tpc_template_id":""},"categories":[1],"tags":[19,33,25],"_links":{"self":[{"href":"https:\/\/colegioeucaristicolaplata.edu.ar\/index.php\/wp-json\/wp\/v2\/posts\/2093"}],"collection":[{"href":"https:\/\/colegioeucaristicolaplata.edu.ar\/index.php\/wp-json\/wp\/v2\/posts"}],"about":[{"href":"https:\/\/colegioeucaristicolaplata.edu.ar\/index.php\/wp-json\/wp\/v2\/types\/post"}],"author":[{"embeddable":true,"href":"https:\/\/colegioeucaristicolaplata.edu.ar\/index.php\/wp-json\/wp\/v2\/users\/3"}],"replies":[{"embeddable":true,"href":"https:\/\/colegioeucaristicolaplata.edu.ar\/index.php\/wp-json\/wp\/v2\/comments?post=2093"}],"version-history":[{"count":2,"href":"https:\/\/colegioeucaristicolaplata.edu.ar\/index.php\/wp-json\/wp\/v2\/posts\/2093\/revisions"}],"predecessor-version":[{"id":2102,"href":"https:\/\/colegioeucaristicolaplata.edu.ar\/index.php\/wp-json\/wp\/v2\/posts\/2093\/revisions\/2102"}],"wp:featuredmedia":[{"embeddable":true,"href":"https:\/\/colegioeucaristicolaplata.edu.ar\/index.php\/wp-json\/wp\/v2\/media\/2094"}],"wp:attachment":[{"href":"https:\/\/colegioeucaristicolaplata.edu.ar\/index.php\/wp-json\/wp\/v2\/media?parent=2093"}],"wp:term":[{"taxonomy":"category","embeddable":true,"href":"https:\/\/colegioeucaristicolaplata.edu.ar\/index.php\/wp-json\/wp\/v2\/categories?post=2093"},{"taxonomy":"post_tag","embeddable":true,"href":"https:\/\/colegioeucaristicolaplata.edu.ar\/index.php\/wp-json\/wp\/v2\/tags?post=2093"}],"curies":[{"name":"wp","href":"https:\/\/api.w.org\/{rel}","templated":true}]}}