{"id":1846,"date":"2023-08-28T21:28:22","date_gmt":"2023-08-29T00:28:22","guid":{"rendered":"https:\/\/colegioeucaristicolaplata.edu.ar\/?p=1846"},"modified":"2023-09-01T13:18:42","modified_gmt":"2023-09-01T16:18:42","slug":"agosto-mes-de-la-madre-candida","status":"publish","type":"post","link":"https:\/\/colegioeucaristicolaplata.edu.ar\/index.php\/2023\/08\/28\/agosto-mes-de-la-madre-candida\/","title":{"rendered":"Agosto: Mes de la Madre C\u00e1ndida"},"content":{"rendered":"\n<p>La Novena ha dado inicio a las celebraciones de este mes, fueron d\u00edas de oraci\u00f3n comunitaria en clave de memoria agradecida, pensando en todas las personas y situaciones que fueron haciendo huella en el Camino de los 90 a\u00f1os del Colegio.<\/p>\n\n\n\n<figure class=\"wp-block-image size-full\"><img decoding=\"async\" loading=\"lazy\" width=\"719\" height=\"599\" src=\"https:\/\/colegioeucaristicolaplata.edu.ar\/wp-content\/uploads\/2023\/08\/363848778_741913764608831_2716331719266609418_n.jpg\" alt=\"\" class=\"wp-image-1847\" srcset=\"https:\/\/colegioeucaristicolaplata.edu.ar\/wp-content\/uploads\/2023\/08\/363848778_741913764608831_2716331719266609418_n.jpg 719w, https:\/\/colegioeucaristicolaplata.edu.ar\/wp-content\/uploads\/2023\/08\/363848778_741913764608831_2716331719266609418_n-300x250.jpg 300w\" sizes=\"(max-width: 719px) 100vw, 719px\" \/><\/figure>\n\n\n\n<p><\/p>\n\n\n\n<p>El s\u00e1bado 5 de agosto, la Pastoral de Nivel Secundario en colaboraci\u00f3n con estudiantes, exalumnos y eucaristianos particip\u00f3 activamente del Encuentro y Vigilia de la JMJ Lisboa 2023 en la Iglesia Catedral de La Plata, acompa\u00f1ados por la Pastoral Juvenil Diocesana. Fue un encuentro muy enriquecedor, fraterno y emotivo, que culmin\u00f3 con una Adoraci\u00f3n Eucar\u00edstica en armon\u00eda con la vivida en Lisboa.<\/p>\n\n\n\n<figure class=\"wp-block-gallery has-nested-images columns-default is-cropped wp-block-gallery-1 is-layout-flex\">\n<figure class=\"wp-block-image size-large\"><img decoding=\"async\" loading=\"lazy\" width=\"1024\" height=\"768\" data-id=\"1854\"  src=\"https:\/\/colegioeucaristicolaplata.edu.ar\/wp-content\/uploads\/2023\/08\/WhatsApp-Image-2023-08-28-at-21.12.42-1-1024x768.jpeg\" alt=\"\" class=\"wp-image-1854\" srcset=\"https:\/\/colegioeucaristicolaplata.edu.ar\/wp-content\/uploads\/2023\/08\/WhatsApp-Image-2023-08-28-at-21.12.42-1-1024x768.jpeg 1024w, https:\/\/colegioeucaristicolaplata.edu.ar\/wp-content\/uploads\/2023\/08\/WhatsApp-Image-2023-08-28-at-21.12.42-1-300x225.jpeg 300w, https:\/\/colegioeucaristicolaplata.edu.ar\/wp-content\/uploads\/2023\/08\/WhatsApp-Image-2023-08-28-at-21.12.42-1-768x576.jpeg 768w, https:\/\/colegioeucaristicolaplata.edu.ar\/wp-content\/uploads\/2023\/08\/WhatsApp-Image-2023-08-28-at-21.12.42-1-1536x1152.jpeg 1536w, https:\/\/colegioeucaristicolaplata.edu.ar\/wp-content\/uploads\/2023\/08\/WhatsApp-Image-2023-08-28-at-21.12.42-1.jpeg 1600w\" sizes=\"(max-width: 1024px) 100vw, 1024px\" \/><\/figure>\n\n\n\n<figure class=\"wp-block-image size-large\"><img decoding=\"async\" loading=\"lazy\" width=\"1024\" height=\"768\" data-id=\"1855\"  src=\"https:\/\/colegioeucaristicolaplata.edu.ar\/wp-content\/uploads\/2023\/08\/WhatsApp-Image-2023-08-28-at-21.12.42-1024x768.jpeg\" alt=\"\" class=\"wp-image-1855\" srcset=\"https:\/\/colegioeucaristicolaplata.edu.ar\/wp-content\/uploads\/2023\/08\/WhatsApp-Image-2023-08-28-at-21.12.42-1024x768.jpeg 1024w, https:\/\/colegioeucaristicolaplata.edu.ar\/wp-content\/uploads\/2023\/08\/WhatsApp-Image-2023-08-28-at-21.12.42-300x225.jpeg 300w, https:\/\/colegioeucaristicolaplata.edu.ar\/wp-content\/uploads\/2023\/08\/WhatsApp-Image-2023-08-28-at-21.12.42-768x576.jpeg 768w, https:\/\/colegioeucaristicolaplata.edu.ar\/wp-content\/uploads\/2023\/08\/WhatsApp-Image-2023-08-28-at-21.12.42-1536x1152.jpeg 1536w, https:\/\/colegioeucaristicolaplata.edu.ar\/wp-content\/uploads\/2023\/08\/WhatsApp-Image-2023-08-28-at-21.12.42.jpeg 1600w\" sizes=\"(max-width: 1024px) 100vw, 1024px\" \/><\/figure>\n<\/figure>\n\n\n\n<p>El mi\u00e9rcoles 9 de agosto, d\u00eda de Santa C\u00e1ndida Mar\u00eda de Jes\u00fas, los Niveles compartieron Misas de Acci\u00f3n de Gracias y a las 16hs se comparti\u00f3 la Misa Comunitaria con presencia del Obispo Monse\u00f1or Jorge Gonz\u00e1lez. Sus palabras, durante la Homil\u00eda, resaltaron los valores que la Madre C\u00e1ndida supo poner al servicio de los m\u00e1s necesitados y que, a\u00fan hoy, las Hijas de Jes\u00fas y todos los educadores de la Comunidad siguen esparciendo en sus actividades. Resalt\u00f3 el lema: &#8220;evangelizar educando&#8221;.<\/p>\n\n\n\n<figure class=\"wp-block-gallery has-nested-images columns-default is-cropped wp-block-gallery-3 is-layout-flex\">\n<figure class=\"wp-block-image size-large\"><img decoding=\"async\" loading=\"lazy\" width=\"768\" height=\"1024\" data-id=\"1848\"  src=\"https:\/\/colegioeucaristicolaplata.edu.ar\/wp-content\/uploads\/2023\/08\/WhatsApp-Image-2023-08-28-at-21.12.45-4-768x1024.jpeg\" alt=\"\" class=\"wp-image-1848\" srcset=\"https:\/\/colegioeucaristicolaplata.edu.ar\/wp-content\/uploads\/2023\/08\/WhatsApp-Image-2023-08-28-at-21.12.45-4-768x1024.jpeg 768w, https:\/\/colegioeucaristicolaplata.edu.ar\/wp-content\/uploads\/2023\/08\/WhatsApp-Image-2023-08-28-at-21.12.45-4-225x300.jpeg 225w, https:\/\/colegioeucaristicolaplata.edu.ar\/wp-content\/uploads\/2023\/08\/WhatsApp-Image-2023-08-28-at-21.12.45-4-1152x1536.jpeg 1152w, https:\/\/colegioeucaristicolaplata.edu.ar\/wp-content\/uploads\/2023\/08\/WhatsApp-Image-2023-08-28-at-21.12.45-4.jpeg 1200w\" sizes=\"(max-width: 768px) 100vw, 768px\" \/><\/figure>\n\n\n\n<figure class=\"wp-block-image size-large\"><img decoding=\"async\" loading=\"lazy\" width=\"1024\" height=\"768\" data-id=\"1849\"  src=\"https:\/\/colegioeucaristicolaplata.edu.ar\/wp-content\/uploads\/2023\/08\/WhatsApp-Image-2023-08-28-at-21.12.46-4-1024x768.jpeg\" alt=\"\" class=\"wp-image-1849\" srcset=\"https:\/\/colegioeucaristicolaplata.edu.ar\/wp-content\/uploads\/2023\/08\/WhatsApp-Image-2023-08-28-at-21.12.46-4-1024x768.jpeg 1024w, https:\/\/colegioeucaristicolaplata.edu.ar\/wp-content\/uploads\/2023\/08\/WhatsApp-Image-2023-08-28-at-21.12.46-4-300x225.jpeg 300w, https:\/\/colegioeucaristicolaplata.edu.ar\/wp-content\/uploads\/2023\/08\/WhatsApp-Image-2023-08-28-at-21.12.46-4-768x576.jpeg 768w, https:\/\/colegioeucaristicolaplata.edu.ar\/wp-content\/uploads\/2023\/08\/WhatsApp-Image-2023-08-28-at-21.12.46-4-1536x1152.jpeg 1536w, https:\/\/colegioeucaristicolaplata.edu.ar\/wp-content\/uploads\/2023\/08\/WhatsApp-Image-2023-08-28-at-21.12.46-4.jpeg 1600w\" sizes=\"(max-width: 1024px) 100vw, 1024px\" \/><\/figure>\n\n\n\n<figure class=\"wp-block-image size-large\"><img decoding=\"async\" loading=\"lazy\" width=\"1024\" height=\"768\" data-id=\"1852\"  src=\"https:\/\/colegioeucaristicolaplata.edu.ar\/wp-content\/uploads\/2023\/08\/WhatsApp-Image-2023-08-28-at-21.12.46-3-1024x768.jpeg\" alt=\"\" class=\"wp-image-1852\" srcset=\"https:\/\/colegioeucaristicolaplata.edu.ar\/wp-content\/uploads\/2023\/08\/WhatsApp-Image-2023-08-28-at-21.12.46-3-1024x768.jpeg 1024w, https:\/\/colegioeucaristicolaplata.edu.ar\/wp-content\/uploads\/2023\/08\/WhatsApp-Image-2023-08-28-at-21.12.46-3-300x225.jpeg 300w, https:\/\/colegioeucaristicolaplata.edu.ar\/wp-content\/uploads\/2023\/08\/WhatsApp-Image-2023-08-28-at-21.12.46-3-768x576.jpeg 768w, https:\/\/colegioeucaristicolaplata.edu.ar\/wp-content\/uploads\/2023\/08\/WhatsApp-Image-2023-08-28-at-21.12.46-3-1536x1152.jpeg 1536w, https:\/\/colegioeucaristicolaplata.edu.ar\/wp-content\/uploads\/2023\/08\/WhatsApp-Image-2023-08-28-at-21.12.46-3.jpeg 1600w\" sizes=\"(max-width: 1024px) 100vw, 1024px\" \/><\/figure>\n\n\n\n<figure class=\"wp-block-image size-large\"><img decoding=\"async\" loading=\"lazy\" width=\"1024\" height=\"768\" data-id=\"1853\"  src=\"https:\/\/colegioeucaristicolaplata.edu.ar\/wp-content\/uploads\/2023\/08\/WhatsApp-Image-2023-08-28-at-21.12.46-2-1024x768.jpeg\" alt=\"\" class=\"wp-image-1853\" srcset=\"https:\/\/colegioeucaristicolaplata.edu.ar\/wp-content\/uploads\/2023\/08\/WhatsApp-Image-2023-08-28-at-21.12.46-2-1024x768.jpeg 1024w, https:\/\/colegioeucaristicolaplata.edu.ar\/wp-content\/uploads\/2023\/08\/WhatsApp-Image-2023-08-28-at-21.12.46-2-300x225.jpeg 300w, https:\/\/colegioeucaristicolaplata.edu.ar\/wp-content\/uploads\/2023\/08\/WhatsApp-Image-2023-08-28-at-21.12.46-2-768x576.jpeg 768w, https:\/\/colegioeucaristicolaplata.edu.ar\/wp-content\/uploads\/2023\/08\/WhatsApp-Image-2023-08-28-at-21.12.46-2-1536x1152.jpeg 1536w, https:\/\/colegioeucaristicolaplata.edu.ar\/wp-content\/uploads\/2023\/08\/WhatsApp-Image-2023-08-28-at-21.12.46-2.jpeg 1600w\" sizes=\"(max-width: 1024px) 100vw, 1024px\" \/><\/figure>\n\n\n\n<figure class=\"wp-block-image size-large\"><img decoding=\"async\" loading=\"lazy\" width=\"768\" height=\"1024\" data-id=\"1851\"  src=\"https:\/\/colegioeucaristicolaplata.edu.ar\/wp-content\/uploads\/2023\/08\/WhatsApp-Image-2023-08-28-at-21.12.46-1-768x1024.jpeg\" alt=\"\" class=\"wp-image-1851\" srcset=\"https:\/\/colegioeucaristicolaplata.edu.ar\/wp-content\/uploads\/2023\/08\/WhatsApp-Image-2023-08-28-at-21.12.46-1-768x1024.jpeg 768w, https:\/\/colegioeucaristicolaplata.edu.ar\/wp-content\/uploads\/2023\/08\/WhatsApp-Image-2023-08-28-at-21.12.46-1-225x300.jpeg 225w, https:\/\/colegioeucaristicolaplata.edu.ar\/wp-content\/uploads\/2023\/08\/WhatsApp-Image-2023-08-28-at-21.12.46-1-1152x1536.jpeg 1152w, https:\/\/colegioeucaristicolaplata.edu.ar\/wp-content\/uploads\/2023\/08\/WhatsApp-Image-2023-08-28-at-21.12.46-1.jpeg 1200w\" sizes=\"(max-width: 768px) 100vw, 768px\" \/><\/figure>\n\n\n\n<figure class=\"wp-block-image size-large\"><img decoding=\"async\" loading=\"lazy\" width=\"576\" height=\"1024\" data-id=\"1850\"  src=\"https:\/\/colegioeucaristicolaplata.edu.ar\/wp-content\/uploads\/2023\/08\/WhatsApp-Image-2023-08-28-at-21.12.46-576x1024.jpeg\" alt=\"\" class=\"wp-image-1850\" srcset=\"https:\/\/colegioeucaristicolaplata.edu.ar\/wp-content\/uploads\/2023\/08\/WhatsApp-Image-2023-08-28-at-21.12.46-576x1024.jpeg 576w, https:\/\/colegioeucaristicolaplata.edu.ar\/wp-content\/uploads\/2023\/08\/WhatsApp-Image-2023-08-28-at-21.12.46-169x300.jpeg 169w, https:\/\/colegioeucaristicolaplata.edu.ar\/wp-content\/uploads\/2023\/08\/WhatsApp-Image-2023-08-28-at-21.12.46-768x1365.jpeg 768w, https:\/\/colegioeucaristicolaplata.edu.ar\/wp-content\/uploads\/2023\/08\/WhatsApp-Image-2023-08-28-at-21.12.46-864x1536.jpeg 864w, https:\/\/colegioeucaristicolaplata.edu.ar\/wp-content\/uploads\/2023\/08\/WhatsApp-Image-2023-08-28-at-21.12.46.jpeg 900w\" sizes=\"(max-width: 576px) 100vw, 576px\" \/><\/figure>\n<\/figure>\n\n\n\n<p>Adem\u00e1s, cada Nivel continu\u00f3 trabajando en el Proyecto Solidario iniciado a principios de a\u00f1o. Los Proyectos Solidarios de Nivel Primario y Secundario, fueron concretados y organizados durante la semana del 7 al 11 de agosto, llamada: &#8220;Semana Solidaria de Madre C\u00e1ndida&#8221;, poniendo el eje en las necesidades de los sectores m\u00e1s vulnerables o necesitados. Desde colecta de elementos de higiene para personas que viven en situaci\u00f3n de calle, hasta ropa, \u00fatiles escolares, entre otros. Son d\u00edas en donde se trabajaron los valores y las ense\u00f1anzas de Santa C\u00e1ndida y su amor a los pobres.<\/p>\n\n\n\n<figure class=\"wp-block-gallery has-nested-images columns-default is-cropped wp-block-gallery-5 is-layout-flex\">\n<figure class=\"wp-block-image size-large\"><img decoding=\"async\" loading=\"lazy\" width=\"498\" height=\"1024\" data-id=\"1856\"  src=\"https:\/\/colegioeucaristicolaplata.edu.ar\/wp-content\/uploads\/2023\/08\/WhatsApp-Image-2023-08-28-at-21.12.45-3-498x1024.jpeg\" alt=\"\" class=\"wp-image-1856\" srcset=\"https:\/\/colegioeucaristicolaplata.edu.ar\/wp-content\/uploads\/2023\/08\/WhatsApp-Image-2023-08-28-at-21.12.45-3-498x1024.jpeg 498w, https:\/\/colegioeucaristicolaplata.edu.ar\/wp-content\/uploads\/2023\/08\/WhatsApp-Image-2023-08-28-at-21.12.45-3-146x300.jpeg 146w, https:\/\/colegioeucaristicolaplata.edu.ar\/wp-content\/uploads\/2023\/08\/WhatsApp-Image-2023-08-28-at-21.12.45-3-768x1580.jpeg 768w, https:\/\/colegioeucaristicolaplata.edu.ar\/wp-content\/uploads\/2023\/08\/WhatsApp-Image-2023-08-28-at-21.12.45-3-746x1536.jpeg 746w, https:\/\/colegioeucaristicolaplata.edu.ar\/wp-content\/uploads\/2023\/08\/WhatsApp-Image-2023-08-28-at-21.12.45-3.jpeg 777w\" sizes=\"(max-width: 498px) 100vw, 498px\" \/><\/figure>\n\n\n\n<figure class=\"wp-block-image size-large\"><img decoding=\"async\" loading=\"lazy\" width=\"768\" height=\"1024\" data-id=\"1857\"  src=\"https:\/\/colegioeucaristicolaplata.edu.ar\/wp-content\/uploads\/2023\/08\/WhatsApp-Image-2023-08-28-at-21.12.45-1-768x1024.jpeg\" alt=\"\" class=\"wp-image-1857\" srcset=\"https:\/\/colegioeucaristicolaplata.edu.ar\/wp-content\/uploads\/2023\/08\/WhatsApp-Image-2023-08-28-at-21.12.45-1-768x1023.jpeg 768w, https:\/\/colegioeucaristicolaplata.edu.ar\/wp-content\/uploads\/2023\/08\/WhatsApp-Image-2023-08-28-at-21.12.45-1-225x300.jpeg 225w, https:\/\/colegioeucaristicolaplata.edu.ar\/wp-content\/uploads\/2023\/08\/WhatsApp-Image-2023-08-28-at-21.12.45-1-1153x1536.jpeg 1153w, https:\/\/colegioeucaristicolaplata.edu.ar\/wp-content\/uploads\/2023\/08\/WhatsApp-Image-2023-08-28-at-21.12.45-1.jpeg 1200w\" sizes=\"(max-width: 768px) 100vw, 768px\" \/><\/figure>\n<\/figure>\n\n\n\n<p>Como momentos festivos tambi\u00e9n se realizaron los Festejos del D\u00eda de la Ni\u00f1ez en Nivel Inicial y Primario, donde los Educadores prepararon con mucho amor, esfuerzo y entrega, jornadas de juegos, cuentos, actuaciones y sorpresas para los m\u00e1s peque\u00f1os del Colegio. Sus caritas de alegr\u00eda y agradecimiento, los abrazos y cari\u00f1o recibido como devoluci\u00f3n de cada jornada, llenaron de gratitud a los Educadores. <\/p>\n\n\n\n<figure class=\"wp-block-gallery has-nested-images columns-default is-cropped wp-block-gallery-7 is-layout-flex\">\n<figure class=\"wp-block-image size-large\"><img decoding=\"async\" loading=\"lazy\" width=\"1024\" height=\"768\" data-id=\"1858\"  src=\"https:\/\/colegioeucaristicolaplata.edu.ar\/wp-content\/uploads\/2023\/08\/WhatsApp-Image-2023-08-22-at-14.10.57-2-1024x768.jpeg\" alt=\"\" class=\"wp-image-1858\" srcset=\"https:\/\/colegioeucaristicolaplata.edu.ar\/wp-content\/uploads\/2023\/08\/WhatsApp-Image-2023-08-22-at-14.10.57-2-1024x768.jpeg 1024w, https:\/\/colegioeucaristicolaplata.edu.ar\/wp-content\/uploads\/2023\/08\/WhatsApp-Image-2023-08-22-at-14.10.57-2-300x225.jpeg 300w, https:\/\/colegioeucaristicolaplata.edu.ar\/wp-content\/uploads\/2023\/08\/WhatsApp-Image-2023-08-22-at-14.10.57-2-768x576.jpeg 768w, https:\/\/colegioeucaristicolaplata.edu.ar\/wp-content\/uploads\/2023\/08\/WhatsApp-Image-2023-08-22-at-14.10.57-2-1536x1152.jpeg 1536w, https:\/\/colegioeucaristicolaplata.edu.ar\/wp-content\/uploads\/2023\/08\/WhatsApp-Image-2023-08-22-at-14.10.57-2.jpeg 1600w\" sizes=\"(max-width: 1024px) 100vw, 1024px\" \/><\/figure>\n\n\n\n<figure class=\"wp-block-image size-large\"><img decoding=\"async\" loading=\"lazy\" width=\"768\" height=\"1024\" data-id=\"1859\"  src=\"https:\/\/colegioeucaristicolaplata.edu.ar\/wp-content\/uploads\/2023\/08\/WhatsApp-Image-2023-08-22-at-14.10.57-1-768x1024.jpeg\" alt=\"\" class=\"wp-image-1859\" srcset=\"https:\/\/colegioeucaristicolaplata.edu.ar\/wp-content\/uploads\/2023\/08\/WhatsApp-Image-2023-08-22-at-14.10.57-1-768x1024.jpeg 768w, https:\/\/colegioeucaristicolaplata.edu.ar\/wp-content\/uploads\/2023\/08\/WhatsApp-Image-2023-08-22-at-14.10.57-1-225x300.jpeg 225w, https:\/\/colegioeucaristicolaplata.edu.ar\/wp-content\/uploads\/2023\/08\/WhatsApp-Image-2023-08-22-at-14.10.57-1-1152x1536.jpeg 1152w, https:\/\/colegioeucaristicolaplata.edu.ar\/wp-content\/uploads\/2023\/08\/WhatsApp-Image-2023-08-22-at-14.10.57-1.jpeg 1200w\" sizes=\"(max-width: 768px) 100vw, 768px\" \/><\/figure>\n\n\n\n<figure class=\"wp-block-image size-large\"><img decoding=\"async\" loading=\"lazy\" width=\"1024\" height=\"768\" data-id=\"1863\"  src=\"https:\/\/colegioeucaristicolaplata.edu.ar\/wp-content\/uploads\/2023\/08\/WhatsApp-Image-2023-08-22-at-14.10.57-1024x768.jpeg\" alt=\"\" class=\"wp-image-1863\" srcset=\"https:\/\/colegioeucaristicolaplata.edu.ar\/wp-content\/uploads\/2023\/08\/WhatsApp-Image-2023-08-22-at-14.10.57-1024x768.jpeg 1024w, https:\/\/colegioeucaristicolaplata.edu.ar\/wp-content\/uploads\/2023\/08\/WhatsApp-Image-2023-08-22-at-14.10.57-300x225.jpeg 300w, https:\/\/colegioeucaristicolaplata.edu.ar\/wp-content\/uploads\/2023\/08\/WhatsApp-Image-2023-08-22-at-14.10.57-768x576.jpeg 768w, https:\/\/colegioeucaristicolaplata.edu.ar\/wp-content\/uploads\/2023\/08\/WhatsApp-Image-2023-08-22-at-14.10.57-1536x1152.jpeg 1536w, https:\/\/colegioeucaristicolaplata.edu.ar\/wp-content\/uploads\/2023\/08\/WhatsApp-Image-2023-08-22-at-14.10.57.jpeg 1600w\" sizes=\"(max-width: 1024px) 100vw, 1024px\" \/><\/figure>\n\n\n\n<figure class=\"wp-block-image size-large\"><img decoding=\"async\" loading=\"lazy\" width=\"1024\" height=\"576\" data-id=\"1861\"  src=\"https:\/\/colegioeucaristicolaplata.edu.ar\/wp-content\/uploads\/2023\/08\/WhatsApp-Image-2023-08-28-at-21.12.47-4-1024x576.jpeg\" alt=\"\" class=\"wp-image-1861\" srcset=\"https:\/\/colegioeucaristicolaplata.edu.ar\/wp-content\/uploads\/2023\/08\/WhatsApp-Image-2023-08-28-at-21.12.47-4-1024x576.jpeg 1024w, https:\/\/colegioeucaristicolaplata.edu.ar\/wp-content\/uploads\/2023\/08\/WhatsApp-Image-2023-08-28-at-21.12.47-4-300x169.jpeg 300w, https:\/\/colegioeucaristicolaplata.edu.ar\/wp-content\/uploads\/2023\/08\/WhatsApp-Image-2023-08-28-at-21.12.47-4-768x432.jpeg 768w, https:\/\/colegioeucaristicolaplata.edu.ar\/wp-content\/uploads\/2023\/08\/WhatsApp-Image-2023-08-28-at-21.12.47-4.jpeg 1280w\" sizes=\"(max-width: 1024px) 100vw, 1024px\" \/><\/figure>\n\n\n\n<figure class=\"wp-block-image size-large\"><img decoding=\"async\" loading=\"lazy\" width=\"1024\" height=\"768\" data-id=\"1862\"  src=\"https:\/\/colegioeucaristicolaplata.edu.ar\/wp-content\/uploads\/2023\/08\/WhatsApp-Image-2023-08-28-at-21.12.47-3-1024x768.jpeg\" alt=\"\" class=\"wp-image-1862\" srcset=\"https:\/\/colegioeucaristicolaplata.edu.ar\/wp-content\/uploads\/2023\/08\/WhatsApp-Image-2023-08-28-at-21.12.47-3-1024x768.jpeg 1024w, https:\/\/colegioeucaristicolaplata.edu.ar\/wp-content\/uploads\/2023\/08\/WhatsApp-Image-2023-08-28-at-21.12.47-3-300x225.jpeg 300w, https:\/\/colegioeucaristicolaplata.edu.ar\/wp-content\/uploads\/2023\/08\/WhatsApp-Image-2023-08-28-at-21.12.47-3-768x576.jpeg 768w, https:\/\/colegioeucaristicolaplata.edu.ar\/wp-content\/uploads\/2023\/08\/WhatsApp-Image-2023-08-28-at-21.12.47-3.jpeg 1280w\" sizes=\"(max-width: 1024px) 100vw, 1024px\" \/><\/figure>\n\n\n\n<figure class=\"wp-block-image size-large\"><img decoding=\"async\" loading=\"lazy\" width=\"1024\" height=\"771\" data-id=\"1864\"  src=\"https:\/\/colegioeucaristicolaplata.edu.ar\/wp-content\/uploads\/2023\/08\/WhatsApp-Image-2023-08-28-at-21.12.47-2-1024x771.jpeg\" alt=\"\" class=\"wp-image-1864\" srcset=\"https:\/\/colegioeucaristicolaplata.edu.ar\/wp-content\/uploads\/2023\/08\/WhatsApp-Image-2023-08-28-at-21.12.47-2-1024x771.jpeg 1024w, https:\/\/colegioeucaristicolaplata.edu.ar\/wp-content\/uploads\/2023\/08\/WhatsApp-Image-2023-08-28-at-21.12.47-2-300x226.jpeg 300w, https:\/\/colegioeucaristicolaplata.edu.ar\/wp-content\/uploads\/2023\/08\/WhatsApp-Image-2023-08-28-at-21.12.47-2-768x578.jpeg 768w, https:\/\/colegioeucaristicolaplata.edu.ar\/wp-content\/uploads\/2023\/08\/WhatsApp-Image-2023-08-28-at-21.12.47-2-1536x1156.jpeg 1536w, https:\/\/colegioeucaristicolaplata.edu.ar\/wp-content\/uploads\/2023\/08\/WhatsApp-Image-2023-08-28-at-21.12.47-2.jpeg 1600w\" sizes=\"(max-width: 1024px) 100vw, 1024px\" \/><\/figure>\n\n\n\n<figure class=\"wp-block-image size-large\"><img decoding=\"async\" loading=\"lazy\" width=\"1024\" height=\"768\" data-id=\"1860\"  src=\"https:\/\/colegioeucaristicolaplata.edu.ar\/wp-content\/uploads\/2023\/08\/WhatsApp-Image-2023-08-28-at-21.12.47-1024x768.jpeg\" alt=\"\" class=\"wp-image-1860\" srcset=\"https:\/\/colegioeucaristicolaplata.edu.ar\/wp-content\/uploads\/2023\/08\/WhatsApp-Image-2023-08-28-at-21.12.47-1024x768.jpeg 1024w, https:\/\/colegioeucaristicolaplata.edu.ar\/wp-content\/uploads\/2023\/08\/WhatsApp-Image-2023-08-28-at-21.12.47-300x225.jpeg 300w, https:\/\/colegioeucaristicolaplata.edu.ar\/wp-content\/uploads\/2023\/08\/WhatsApp-Image-2023-08-28-at-21.12.47-768x576.jpeg 768w, https:\/\/colegioeucaristicolaplata.edu.ar\/wp-content\/uploads\/2023\/08\/WhatsApp-Image-2023-08-28-at-21.12.47.jpeg 1152w\" sizes=\"(max-width: 1024px) 100vw, 1024px\" \/><\/figure>\n<\/figure>\n\n\n\n<p>El grupo de Euca Joven comparti\u00f3 dos encuentros durante este mes: el primero fue de preparaci\u00f3n y el segundo encuentro fue para poner en marcha el apostolado. Se dirigieron al Hogar San Pio, donde residen abuelas y pasaron junto a ellas una ma\u00f1ana de Bingo, Juegos, Canciones y mucha alegr\u00eda. Las abuelas, y los participantes, guardar\u00e1n este d\u00eda en sus corazones. <\/p>\n\n\n\n<figure class=\"wp-block-gallery has-nested-images columns-default is-cropped wp-block-gallery-9 is-layout-flex\">\n<figure class=\"wp-block-image size-large\"><img decoding=\"async\" loading=\"lazy\" width=\"576\" height=\"1024\" data-id=\"1878\"  src=\"https:\/\/colegioeucaristicolaplata.edu.ar\/wp-content\/uploads\/2023\/08\/WhatsApp-Image-2023-08-28-at-21.12.49-576x1024.jpeg\" alt=\"\" class=\"wp-image-1878\" srcset=\"https:\/\/colegioeucaristicolaplata.edu.ar\/wp-content\/uploads\/2023\/08\/WhatsApp-Image-2023-08-28-at-21.12.49-576x1024.jpeg 576w, https:\/\/colegioeucaristicolaplata.edu.ar\/wp-content\/uploads\/2023\/08\/WhatsApp-Image-2023-08-28-at-21.12.49-169x300.jpeg 169w, https:\/\/colegioeucaristicolaplata.edu.ar\/wp-content\/uploads\/2023\/08\/WhatsApp-Image-2023-08-28-at-21.12.49-768x1365.jpeg 768w, https:\/\/colegioeucaristicolaplata.edu.ar\/wp-content\/uploads\/2023\/08\/WhatsApp-Image-2023-08-28-at-21.12.49-864x1536.jpeg 864w, https:\/\/colegioeucaristicolaplata.edu.ar\/wp-content\/uploads\/2023\/08\/WhatsApp-Image-2023-08-28-at-21.12.49.jpeg 900w\" sizes=\"(max-width: 576px) 100vw, 576px\" \/><\/figure>\n<\/figure>\n\n\n\n<p>Agosto, sin dudas, fue un mes muy especial para toda la Comunidad donde se sigui\u00f3 agradeciendo &#8220;tanto, tanto bien recibido&#8221;.<\/p>\n","protected":false},"excerpt":{"rendered":"<p>Agosto del 2023 fue un mes muy especial para toda la Comunidad del Colegio Eucar\u00edstico, ya que durante el mismo se han vivenciado celebraciones, eventos, proyectos solidarios, en el marco de los 90 a\u00f1os de Presencia de las Hijas de Jes\u00fas. Fue un mes de memoria agradecida y de mucha gratitud.<\/p>\n","protected":false},"author":2,"featured_media":1853,"comment_status":"closed","ping_status":"closed","sticky":false,"template":"","format":"standard","meta":{"_eb_attr":"","neve_meta_sidebar":"","neve_meta_container":"","neve_meta_enable_content_width":"","neve_meta_content_width":0,"neve_meta_title_alignment":"","neve_meta_author_avatar":"","neve_post_elements_order":"","neve_meta_disable_header":"","neve_meta_disable_footer":"","neve_meta_disable_title":"","neve_meta_reading_time":"","_themeisle_gutenberg_block_has_review":false,"_ti_tpc_template_sync":false,"_ti_tpc_template_id":""},"categories":[1],"tags":[23,32,22,19,34,35,26,33,25],"_links":{"self":[{"href":"https:\/\/colegioeucaristicolaplata.edu.ar\/index.php\/wp-json\/wp\/v2\/posts\/1846"}],"collection":[{"href":"https:\/\/colegioeucaristicolaplata.edu.ar\/index.php\/wp-json\/wp\/v2\/posts"}],"about":[{"href":"https:\/\/colegioeucaristicolaplata.edu.ar\/index.php\/wp-json\/wp\/v2\/types\/post"}],"author":[{"embeddable":true,"href":"https:\/\/colegioeucaristicolaplata.edu.ar\/index.php\/wp-json\/wp\/v2\/users\/2"}],"replies":[{"embeddable":true,"href":"https:\/\/colegioeucaristicolaplata.edu.ar\/index.php\/wp-json\/wp\/v2\/comments?post=1846"}],"version-history":[{"count":3,"href":"https:\/\/colegioeucaristicolaplata.edu.ar\/index.php\/wp-json\/wp\/v2\/posts\/1846\/revisions"}],"predecessor-version":[{"id":1882,"href":"https:\/\/colegioeucaristicolaplata.edu.ar\/index.php\/wp-json\/wp\/v2\/posts\/1846\/revisions\/1882"}],"wp:featuredmedia":[{"embeddable":true,"href":"https:\/\/colegioeucaristicolaplata.edu.ar\/index.php\/wp-json\/wp\/v2\/media\/1853"}],"wp:attachment":[{"href":"https:\/\/colegioeucaristicolaplata.edu.ar\/index.php\/wp-json\/wp\/v2\/media?parent=1846"}],"wp:term":[{"taxonomy":"category","embeddable":true,"href":"https:\/\/colegioeucaristicolaplata.edu.ar\/index.php\/wp-json\/wp\/v2\/categories?post=1846"},{"taxonomy":"post_tag","embeddable":true,"href":"https:\/\/colegioeucaristicolaplata.edu.ar\/index.php\/wp-json\/wp\/v2\/tags?post=1846"}],"curies":[{"name":"wp","href":"https:\/\/api.w.org\/{rel}","templated":true}]}}